{"id":35585,"date":"2017-06-21T13:39:37","date_gmt":"2017-06-21T11:39:37","guid":{"rendered":"https:\/\/www.pcspezialist.de\/blog\/?p=35585"},"modified":"2024-11-06T12:15:47","modified_gmt":"2024-11-06T11:15:47","slug":"gesichtserkennung-werbetracking","status":"publish","type":"post","link":"https:\/\/pcspezialist.de\/blog\/2017\/06\/21\/gesichtserkennung-werbetracking\/","title":{"rendered":"Gesichtserkennung beim Einkaufen ## Werbetracking kommt"},"content":{"rendered":"<p><strong>Beim Einkaufen k\u00f6nnte demn\u00e4chst Gesichtserkennung zum Einsatz kommen. Wenn ihr also durch einen Supermarkt geht und einen Bildschirm mit Werbung seht, k\u00f6nnte euch da in Zukunft personalisierte Werbung angezeigt werden. Wie das funktioniert und ob das rechtens ist, erkl\u00e4ren wir euch in unserem Beitrag.\u00a0<\/strong><\/p>\n<p>Dass Software und Ger\u00e4te mittlerweile so weit sind, Gesichter erkennen zu k\u00f6nnen, ist nichts Neues. Wo diese Technik \u00fcberall eingesetzt wird, ist noch nicht so ganz klar. Dass die Werbung sehr schnell damit arbeiten will, kann man sich vorstellen. Aber was kann die Werbung mit eurem Gesicht anfangen?<\/p>\n<p><!--more--><\/p>\n<h3>Gesichtserkennung zu Werbezwecken<\/h3>\n<div id=\"attachment_35588\" style=\"width: 310px\" class=\"wp-caption alignright\"><a href=\"https:\/\/pcspezialist.de\/blog\/wp-content\/uploads\/2017\/06\/monitor-1054592_960_720.jpg\" data-rel=\"lightbox-image-0\" data-rl_title=\"\" data-rl_caption=\"\" title=\"\"><img loading=\"lazy\" decoding=\"async\" aria-describedby=\"caption-attachment-35588\" class=\"wp-image-35588 size-medium\" src=\"https:\/\/pcspezialist.de\/blog\/wp-content\/uploads\/2017\/06\/monitor-1054592_960_720-300x225.jpg\" alt=\"Gesichtserkennung\" width=\"300\" height=\"225\" \/><\/a><p id=\"caption-attachment-35588\" class=\"wp-caption-text\">Gesichtserkennung f\u00fcr Werbezwecke: Personalisierte Werbung k\u00f6nnte bald Standard sein.<\/p><\/div>\n<p>Ein Pilotprojekt zur <strong>Gesichtserkennung<\/strong> lief vor einiger Zeit in Real-Superm\u00e4rkten und erregte einiges an Aufsehen. Bei Spiegel Online erschien dazu der Artikel <a href=\"https:\/\/www.spiegel.de\/wirtschaft\/unternehmen\/gesichtsanalyse-haendler-testen-kunden-im-kassenbereich-a-1149763.html\">Real l\u00e4sst Gesichter von Kunden analysieren<\/a>. In 40 Real-M\u00e4rkten wurden die Gesichter von Kunden, die Werbung auf einem Bildschirm anschauten, analysiert. Dabei ging es nicht darum, die\u00a0Personen zu identifizieren, sondern nur um das Geschlecht und das ungef\u00e4hre Alter. Dar\u00fcber hinaus wird bei dieser Erhebung\u00a0analysiert, wie lange die Person eine angezeigte Werbung ansah. Diese Datenerhebung ruft die Datensch\u00fctzer auf den Plan. Sie kritisieren, dass das gespeicherte Foto eines Gesichts nichts mehr mit Anonymit\u00e4t zu tun habe. Real erkl\u00e4rt dagegen, dass es lediglich um die Analyse des Geschlechts und Alters und nicht um eine Identifikation ginge. Real m\u00f6chte gezielt Werbung schalten und dabei nat\u00fcrlich alle Datenschutzrichtlinien einhalten. Allerdings haben Datensch\u00fctzer von Digitalcourage bereits Klage einreicht, wie u.a. <a href=\"https:\/\/www.lz.de\/ueberregional\/owl\/21828909_Datenschuetzer-klagen-gegen-Real-und-Post.html\">die Lippische Landeszeitung berichtet<\/a>. Ein Urteil steht noch aus.<\/p>\n<h3>Personalisierte Werbung mit Gesichtserkennung<\/h3>\n<p>Wie k\u00f6nnte <strong>personalisierte Werbung<\/strong> mit Gesichtserkennung funktionieren? Wenn die Daten ausgewertet und weiterverwendet werden d\u00fcrfen, k\u00f6nnte euch demn\u00e4chst personalisierte Werbung auf Bildschirmen erwarten. Mal angenommen, ihr geht durch einen Supermarkt und steht bei der Kleidung. Neben den Einkaufstischen\u00a0ist eine kleine Kamera und ein Bildschirm angebracht, der euer Gesicht als m\u00e4nnlich und ca. 25 Jahre alt identifiziert. Dann wird der Bildschirm blitzschnell Werbung f\u00fcr Bekleidung dieser Altersklasse pr\u00e4sentieren. Wenn der Bildschirm eine Frau mit Kind erkennt, wird\u00a0das aktuelle Angebot f\u00fcr Kinderbekleidung auf dem Bildschirm angezeigt.<\/p>\n<h3>Online Shopping mit Cookies ist ebenfalls personalisierte Werbung<\/h3>\n<p>Beim Onlineshopping ist diese Methode der <strong>personalisierten Werbung\u00a0<\/strong>bereits weit verbreitet. Das, was ihr durch euer Einkaufsverhalten durchblicken lasst, wird gespeichert und verwendet. Euch werden dann Produkte vorgeschlagen, die euch aufgrund von Alter und Geschlecht uns bisherigem Kaufverhalten interessieren k\u00f6nnten. Wenn ihr online unterwegs seid, legen manche Webseiten kleine Dateien bei euch auf dem Computer ab, sogenannte Cookies. Durch diese Cookies erkennt euch die Webseite dann wieder. Funktioniert \u00fcbrigens auch bei Amazon und Facebook sehr \u00e4hnlich.\u00a0Surft ihr bei Amazon bei gewissen Produkten und schaut kurz darauf in eure Facebook Timeline, kann es sein, dass ihr da das Produkt angeboten bekommt. Diese Vorteile im Onlineshopping m\u00f6chte der Einzelhandel jetzt f\u00fcr sich als Plus durch die Gesichtserkennung erreichen. Wie findet ihr die Gesichtserkennung und was haltet ihr von personalisierter Werbung? Lasst es uns in unseren Kommenatren wissen.<\/p>\n<h3>Update vom 30.06.2017 \u2013 Real stopp Gesichtserkennung<\/h3>\n<p>Nach massiver Kritik an dem Vorhaben, Gesichter zu scannen und analysieren, um personalisierte Werbung zu pr\u00e4sentieren, macht Real nun einen R\u00fcckzieher und stoppt die <strong>Gesichtserkennung<\/strong> im Kassenbereich. Hintergrund ist die \u00f6ffentliche Diskussion, die\u00a0den Eindruck erweckte, in Real-M\u00e4rkten w\u00fcrden im Kassenbereich ohne Wissen der Kunden Daten erhoben,\u00a0<a class=\"external-link\" href=\"https:\/\/www.real.de\/nc\/unternehmen\/presse\/pressemitteilung\/pressemitteilungen\/detail\/ende-des-echion-tests-zur-blickkontakterfassung\/\" target=\"_blank\" rel=\"noopener noreferrer\">teilte das Unternehmen<\/a>\u00a0mit.<\/p>\n","protected":false},"excerpt":{"rendered":"<p>Beim Einkaufen k\u00f6nnte demn\u00e4chst Gesichtserkennung zum Einsatz kommen. Wenn ihr also durch einen Supermarkt geht und einen Bildschirm mit Werbung seht, k\u00f6nnte euch da in Zukunft personalisierte Werbung angezeigt werden. Wie das funktioniert und ob das rechtens ist, erkl\u00e4ren wir euch in unserem Beitrag.\u00a0 Dass Software und Ger\u00e4te mittlerweile so weit sind, Gesichter erkennen zu [&hellip;]<\/p>\n","protected":false},"author":101,"featured_media":0,"comment_status":"open","ping_status":"open","sticky":false,"template":"","format":"standard","meta":{"footnotes":""},"categories":[6913],"tags":[9246,9956],"class_list":["post-35585","post","type-post","status-publish","format-standard","hentry","category-verschiedenes","tag-biometrie","tag-nutzerdaten"],"yoast_head":"<!-- This site is optimized with the Yoast SEO plugin v27.4 - https:\/\/yoast.com\/product\/yoast-seo-wordpress\/ -->\n<title>Gesichtserkennung in der Werbung: Werbetracking kommt<\/title>\n<meta name=\"description\" content=\"Gesichtserkennung f\u00fcr Werbezwecke? Das d\u00fcrfte viele Datensch\u00fctzer laut aufschreien lassen. Wo das jetzt schon stattfindet, verraten wir euch im Blog.\" \/>\n<meta name=\"robots\" content=\"index, follow, max-snippet:-1, max-image-preview:large, max-video-preview:-1\" \/>\n<link rel=\"canonical\" href=\"https:\/\/pcspezialist.de\/blog\/2017\/06\/21\/gesichtserkennung-werbetracking\/\" \/>\n<meta property=\"og:locale\" content=\"de_DE\" \/>\n<meta property=\"og:type\" content=\"article\" \/>\n<meta property=\"og:title\" content=\"Gesichtserkennung in der Werbung: Werbetracking kommt\" \/>\n<meta property=\"og:description\" content=\"Gesichtserkennung f\u00fcr Werbezwecke? Das d\u00fcrfte viele Datensch\u00fctzer laut aufschreien lassen. Wo das jetzt schon stattfindet, verraten wir euch im Blog.\" \/>\n<meta property=\"og:url\" content=\"https:\/\/pcspezialist.de\/blog\/2017\/06\/21\/gesichtserkennung-werbetracking\/\" \/>\n<meta property=\"og:site_name\" content=\"PC-SPEZIALIST Blog\" \/>\n<meta property=\"article:published_time\" content=\"2017-06-21T11:39:37+00:00\" \/>\n<meta property=\"article:modified_time\" content=\"2024-11-06T11:15:47+00:00\" \/>\n<meta property=\"og:image\" content=\"https:\/\/pcspezialist.de\/blog\/wp-content\/uploads\/2017\/06\/monitor-1054592_960_720-300x225.jpg\" \/>\n<meta name=\"author\" content=\"Benjamin Thiessen\" \/>\n<meta name=\"twitter:card\" content=\"summary_large_image\" \/>\n<meta name=\"twitter:label1\" content=\"Verfasst von\" \/>\n\t<meta name=\"twitter:data1\" content=\"Benjamin Thiessen\" \/>\n\t<meta name=\"twitter:label2\" content=\"Gesch\u00e4tzte Lesezeit\" \/>\n\t<meta name=\"twitter:data2\" content=\"3\u00a0Minuten\" \/>\n<script type=\"application\/ld+json\" class=\"yoast-schema-graph\">{\"@context\":\"https:\\\/\\\/schema.org\",\"@graph\":[{\"@type\":\"Article\",\"@id\":\"https:\\\/\\\/pcspezialist.de\\\/blog\\\/2017\\\/06\\\/21\\\/gesichtserkennung-werbetracking\\\/#article\",\"isPartOf\":{\"@id\":\"https:\\\/\\\/pcspezialist.de\\\/blog\\\/2017\\\/06\\\/21\\\/gesichtserkennung-werbetracking\\\/\"},\"author\":{\"name\":\"Benjamin Thiessen\",\"@id\":\"https:\\\/\\\/pcspezialist.de\\\/blog\\\/#\\\/schema\\\/person\\\/ca2cb741f0e00ab1af3d8e597735cdc4\"},\"headline\":\"Gesichtserkennung beim Einkaufen ## Werbetracking kommt\",\"datePublished\":\"2017-06-21T11:39:37+00:00\",\"dateModified\":\"2024-11-06T11:15:47+00:00\",\"mainEntityOfPage\":{\"@id\":\"https:\\\/\\\/pcspezialist.de\\\/blog\\\/2017\\\/06\\\/21\\\/gesichtserkennung-werbetracking\\\/\"},\"wordCount\":587,\"commentCount\":1,\"image\":{\"@id\":\"https:\\\/\\\/pcspezialist.de\\\/blog\\\/2017\\\/06\\\/21\\\/gesichtserkennung-werbetracking\\\/#primaryimage\"},\"thumbnailUrl\":\"https:\\\/\\\/pcspezialist.de\\\/blog\\\/wp-content\\\/uploads\\\/2017\\\/06\\\/monitor-1054592_960_720-300x225.jpg\",\"keywords\":[\"Biometrie\",\"Nutzerdaten\"],\"articleSection\":[\"Verschiedenes\"],\"inLanguage\":\"de\",\"potentialAction\":[{\"@type\":\"CommentAction\",\"name\":\"Comment\",\"target\":[\"https:\\\/\\\/pcspezialist.de\\\/blog\\\/2017\\\/06\\\/21\\\/gesichtserkennung-werbetracking\\\/#respond\"]}]},{\"@type\":\"WebPage\",\"@id\":\"https:\\\/\\\/pcspezialist.de\\\/blog\\\/2017\\\/06\\\/21\\\/gesichtserkennung-werbetracking\\\/\",\"url\":\"https:\\\/\\\/pcspezialist.de\\\/blog\\\/2017\\\/06\\\/21\\\/gesichtserkennung-werbetracking\\\/\",\"name\":\"Gesichtserkennung in der Werbung: Werbetracking kommt\",\"isPartOf\":{\"@id\":\"https:\\\/\\\/pcspezialist.de\\\/blog\\\/#website\"},\"primaryImageOfPage\":{\"@id\":\"https:\\\/\\\/pcspezialist.de\\\/blog\\\/2017\\\/06\\\/21\\\/gesichtserkennung-werbetracking\\\/#primaryimage\"},\"image\":{\"@id\":\"https:\\\/\\\/pcspezialist.de\\\/blog\\\/2017\\\/06\\\/21\\\/gesichtserkennung-werbetracking\\\/#primaryimage\"},\"thumbnailUrl\":\"https:\\\/\\\/pcspezialist.de\\\/blog\\\/wp-content\\\/uploads\\\/2017\\\/06\\\/monitor-1054592_960_720-300x225.jpg\",\"datePublished\":\"2017-06-21T11:39:37+00:00\",\"dateModified\":\"2024-11-06T11:15:47+00:00\",\"author\":{\"@id\":\"https:\\\/\\\/pcspezialist.de\\\/blog\\\/#\\\/schema\\\/person\\\/ca2cb741f0e00ab1af3d8e597735cdc4\"},\"description\":\"Gesichtserkennung f\u00fcr Werbezwecke? Das d\u00fcrfte viele Datensch\u00fctzer laut aufschreien lassen. Wo das jetzt schon stattfindet, verraten wir euch im Blog.\",\"breadcrumb\":{\"@id\":\"https:\\\/\\\/pcspezialist.de\\\/blog\\\/2017\\\/06\\\/21\\\/gesichtserkennung-werbetracking\\\/#breadcrumb\"},\"inLanguage\":\"de\",\"potentialAction\":[{\"@type\":\"ReadAction\",\"target\":[\"https:\\\/\\\/pcspezialist.de\\\/blog\\\/2017\\\/06\\\/21\\\/gesichtserkennung-werbetracking\\\/\"]}]},{\"@type\":\"ImageObject\",\"inLanguage\":\"de\",\"@id\":\"https:\\\/\\\/pcspezialist.de\\\/blog\\\/2017\\\/06\\\/21\\\/gesichtserkennung-werbetracking\\\/#primaryimage\",\"url\":\"https:\\\/\\\/pcspezialist.de\\\/blog\\\/wp-content\\\/uploads\\\/2017\\\/06\\\/monitor-1054592_960_720-300x225.jpg\",\"contentUrl\":\"https:\\\/\\\/pcspezialist.de\\\/blog\\\/wp-content\\\/uploads\\\/2017\\\/06\\\/monitor-1054592_960_720-300x225.jpg\"},{\"@type\":\"BreadcrumbList\",\"@id\":\"https:\\\/\\\/pcspezialist.de\\\/blog\\\/2017\\\/06\\\/21\\\/gesichtserkennung-werbetracking\\\/#breadcrumb\",\"itemListElement\":[{\"@type\":\"ListItem\",\"position\":1,\"name\":\"Startseite\",\"item\":\"https:\\\/\\\/pcspezialist.de\\\/blog\\\/\"},{\"@type\":\"ListItem\",\"position\":2,\"name\":\"Gesichtserkennung beim Einkaufen ## Werbetracking kommt\"}]},{\"@type\":\"WebSite\",\"@id\":\"https:\\\/\\\/pcspezialist.de\\\/blog\\\/#website\",\"url\":\"https:\\\/\\\/pcspezialist.de\\\/blog\\\/\",\"name\":\"PC-SPEZIALIST Blog\",\"description\":\"IT-Service, Trends &amp; Technik\",\"potentialAction\":[{\"@type\":\"SearchAction\",\"target\":{\"@type\":\"EntryPoint\",\"urlTemplate\":\"https:\\\/\\\/pcspezialist.de\\\/blog\\\/?s={search_term_string}\"},\"query-input\":{\"@type\":\"PropertyValueSpecification\",\"valueRequired\":true,\"valueName\":\"search_term_string\"}}],\"inLanguage\":\"de\"},{\"@type\":\"Person\",\"@id\":\"https:\\\/\\\/pcspezialist.de\\\/blog\\\/#\\\/schema\\\/person\\\/ca2cb741f0e00ab1af3d8e597735cdc4\",\"name\":\"Benjamin Thiessen\",\"description\":\"Benjamin Thiessen arbeitete von 2010 bis 2017 als Online-Redakteur f\u00fcr PC-SPEZIALIST und hat als IT-Kenner \u00fcber 1000 Beitr\u00e4ge f\u00fcr den PC-SPEZIALIST Blog verfasst. Mittlerweile ist er au\u00dferhalb der IT-Branche als Content-Manager im Bereich Steuern und Versicherungen unterwegs.\",\"url\":\"https:\\\/\\\/pcspezialist.de\\\/blog\\\/author\\\/benjamin-thiessen\\\/\"}]}<\/script>\n<!-- \/ Yoast SEO plugin. -->","yoast_head_json":{"title":"Gesichtserkennung in der Werbung: Werbetracking kommt","description":"Gesichtserkennung f\u00fcr Werbezwecke? Das d\u00fcrfte viele Datensch\u00fctzer laut aufschreien lassen. Wo das jetzt schon stattfindet, verraten wir euch im Blog.","robots":{"index":"index","follow":"follow","max-snippet":"max-snippet:-1","max-image-preview":"max-image-preview:large","max-video-preview":"max-video-preview:-1"},"canonical":"https:\/\/pcspezialist.de\/blog\/2017\/06\/21\/gesichtserkennung-werbetracking\/","og_locale":"de_DE","og_type":"article","og_title":"Gesichtserkennung in der Werbung: Werbetracking kommt","og_description":"Gesichtserkennung f\u00fcr Werbezwecke? Das d\u00fcrfte viele Datensch\u00fctzer laut aufschreien lassen. Wo das jetzt schon stattfindet, verraten wir euch im Blog.","og_url":"https:\/\/pcspezialist.de\/blog\/2017\/06\/21\/gesichtserkennung-werbetracking\/","og_site_name":"PC-SPEZIALIST Blog","article_published_time":"2017-06-21T11:39:37+00:00","article_modified_time":"2024-11-06T11:15:47+00:00","og_image":[{"url":"https:\/\/pcspezialist.de\/blog\/wp-content\/uploads\/2017\/06\/monitor-1054592_960_720-300x225.jpg","type":"","width":"","height":""}],"author":"Benjamin Thiessen","twitter_card":"summary_large_image","twitter_misc":{"Verfasst von":"Benjamin Thiessen","Gesch\u00e4tzte Lesezeit":"3\u00a0Minuten"},"schema":{"@context":"https:\/\/schema.org","@graph":[{"@type":"Article","@id":"https:\/\/pcspezialist.de\/blog\/2017\/06\/21\/gesichtserkennung-werbetracking\/#article","isPartOf":{"@id":"https:\/\/pcspezialist.de\/blog\/2017\/06\/21\/gesichtserkennung-werbetracking\/"},"author":{"name":"Benjamin Thiessen","@id":"https:\/\/pcspezialist.de\/blog\/#\/schema\/person\/ca2cb741f0e00ab1af3d8e597735cdc4"},"headline":"Gesichtserkennung beim Einkaufen ## Werbetracking kommt","datePublished":"2017-06-21T11:39:37+00:00","dateModified":"2024-11-06T11:15:47+00:00","mainEntityOfPage":{"@id":"https:\/\/pcspezialist.de\/blog\/2017\/06\/21\/gesichtserkennung-werbetracking\/"},"wordCount":587,"commentCount":1,"image":{"@id":"https:\/\/pcspezialist.de\/blog\/2017\/06\/21\/gesichtserkennung-werbetracking\/#primaryimage"},"thumbnailUrl":"https:\/\/pcspezialist.de\/blog\/wp-content\/uploads\/2017\/06\/monitor-1054592_960_720-300x225.jpg","keywords":["Biometrie","Nutzerdaten"],"articleSection":["Verschiedenes"],"inLanguage":"de","potentialAction":[{"@type":"CommentAction","name":"Comment","target":["https:\/\/pcspezialist.de\/blog\/2017\/06\/21\/gesichtserkennung-werbetracking\/#respond"]}]},{"@type":"WebPage","@id":"https:\/\/pcspezialist.de\/blog\/2017\/06\/21\/gesichtserkennung-werbetracking\/","url":"https:\/\/pcspezialist.de\/blog\/2017\/06\/21\/gesichtserkennung-werbetracking\/","name":"Gesichtserkennung in der Werbung: Werbetracking kommt","isPartOf":{"@id":"https:\/\/pcspezialist.de\/blog\/#website"},"primaryImageOfPage":{"@id":"https:\/\/pcspezialist.de\/blog\/2017\/06\/21\/gesichtserkennung-werbetracking\/#primaryimage"},"image":{"@id":"https:\/\/pcspezialist.de\/blog\/2017\/06\/21\/gesichtserkennung-werbetracking\/#primaryimage"},"thumbnailUrl":"https:\/\/pcspezialist.de\/blog\/wp-content\/uploads\/2017\/06\/monitor-1054592_960_720-300x225.jpg","datePublished":"2017-06-21T11:39:37+00:00","dateModified":"2024-11-06T11:15:47+00:00","author":{"@id":"https:\/\/pcspezialist.de\/blog\/#\/schema\/person\/ca2cb741f0e00ab1af3d8e597735cdc4"},"description":"Gesichtserkennung f\u00fcr Werbezwecke? Das d\u00fcrfte viele Datensch\u00fctzer laut aufschreien lassen. Wo das jetzt schon stattfindet, verraten wir euch im Blog.","breadcrumb":{"@id":"https:\/\/pcspezialist.de\/blog\/2017\/06\/21\/gesichtserkennung-werbetracking\/#breadcrumb"},"inLanguage":"de","potentialAction":[{"@type":"ReadAction","target":["https:\/\/pcspezialist.de\/blog\/2017\/06\/21\/gesichtserkennung-werbetracking\/"]}]},{"@type":"ImageObject","inLanguage":"de","@id":"https:\/\/pcspezialist.de\/blog\/2017\/06\/21\/gesichtserkennung-werbetracking\/#primaryimage","url":"https:\/\/pcspezialist.de\/blog\/wp-content\/uploads\/2017\/06\/monitor-1054592_960_720-300x225.jpg","contentUrl":"https:\/\/pcspezialist.de\/blog\/wp-content\/uploads\/2017\/06\/monitor-1054592_960_720-300x225.jpg"},{"@type":"BreadcrumbList","@id":"https:\/\/pcspezialist.de\/blog\/2017\/06\/21\/gesichtserkennung-werbetracking\/#breadcrumb","itemListElement":[{"@type":"ListItem","position":1,"name":"Startseite","item":"https:\/\/pcspezialist.de\/blog\/"},{"@type":"ListItem","position":2,"name":"Gesichtserkennung beim Einkaufen ## Werbetracking kommt"}]},{"@type":"WebSite","@id":"https:\/\/pcspezialist.de\/blog\/#website","url":"https:\/\/pcspezialist.de\/blog\/","name":"PC-SPEZIALIST Blog","description":"IT-Service, Trends &amp; Technik","potentialAction":[{"@type":"SearchAction","target":{"@type":"EntryPoint","urlTemplate":"https:\/\/pcspezialist.de\/blog\/?s={search_term_string}"},"query-input":{"@type":"PropertyValueSpecification","valueRequired":true,"valueName":"search_term_string"}}],"inLanguage":"de"},{"@type":"Person","@id":"https:\/\/pcspezialist.de\/blog\/#\/schema\/person\/ca2cb741f0e00ab1af3d8e597735cdc4","name":"Benjamin Thiessen","description":"Benjamin Thiessen arbeitete von 2010 bis 2017 als Online-Redakteur f\u00fcr PC-SPEZIALIST und hat als IT-Kenner \u00fcber 1000 Beitr\u00e4ge f\u00fcr den PC-SPEZIALIST Blog verfasst. Mittlerweile ist er au\u00dferhalb der IT-Branche als Content-Manager im Bereich Steuern und Versicherungen unterwegs.","url":"https:\/\/pcspezialist.de\/blog\/author\/benjamin-thiessen\/"}]}},"_links":{"self":[{"href":"https:\/\/pcspezialist.de\/blog\/wp-json\/wp\/v2\/posts\/35585","targetHints":{"allow":["GET"]}}],"collection":[{"href":"https:\/\/pcspezialist.de\/blog\/wp-json\/wp\/v2\/posts"}],"about":[{"href":"https:\/\/pcspezialist.de\/blog\/wp-json\/wp\/v2\/types\/post"}],"author":[{"embeddable":true,"href":"https:\/\/pcspezialist.de\/blog\/wp-json\/wp\/v2\/users\/101"}],"replies":[{"embeddable":true,"href":"https:\/\/pcspezialist.de\/blog\/wp-json\/wp\/v2\/comments?post=35585"}],"version-history":[{"count":4,"href":"https:\/\/pcspezialist.de\/blog\/wp-json\/wp\/v2\/posts\/35585\/revisions"}],"predecessor-version":[{"id":35684,"href":"https:\/\/pcspezialist.de\/blog\/wp-json\/wp\/v2\/posts\/35585\/revisions\/35684"}],"wp:attachment":[{"href":"https:\/\/pcspezialist.de\/blog\/wp-json\/wp\/v2\/media?parent=35585"}],"wp:term":[{"taxonomy":"category","embeddable":true,"href":"https:\/\/pcspezialist.de\/blog\/wp-json\/wp\/v2\/categories?post=35585"},{"taxonomy":"post_tag","embeddable":true,"href":"https:\/\/pcspezialist.de\/blog\/wp-json\/wp\/v2\/tags?post=35585"}],"curies":[{"name":"wp","href":"https:\/\/api.w.org\/{rel}","templated":true}]}}