{"id":35434,"date":"2017-06-08T12:16:57","date_gmt":"2017-06-08T10:16:57","guid":{"rendered":"https:\/\/www.pcspezialist.de\/blog\/?p=35434"},"modified":"2024-11-06T12:16:32","modified_gmt":"2024-11-06T11:16:32","slug":"wwdc-2017","status":"publish","type":"post","link":"https:\/\/pcspezialist.de\/blog\/2017\/06\/08\/wwdc-2017\/","title":{"rendered":"WWDC 2017 ## Apple stellt neue iPhone-Software iOS 11 vor"},"content":{"rendered":"<p><strong>Auf der Entwicklerkonferenz WWDC 2017 hat Apple unter anderem seine neue iPhone Software iOS 11 vorgestellt: Der Sprachassistent Siri soll verbessert werden und es wird viele neue Features f\u00fcr iPad und iPhone bringen.<\/strong><\/p>\n<p>Was Apple in \u00a0San Jos\u00e9 (Kalifornien) noch zeigte, welche neuen Produkte pr\u00e4sentiert wurden und welche neue Software es geben wird, erfahrt ihr bei uns.<\/p>\n<p><!--more--><\/p>\n<div id=\"attachment_35437\" style=\"width: 310px\" class=\"wp-caption alignright\"><a href=\"https:\/\/pcspezialist.de\/blog\/wp-content\/uploads\/2017\/06\/wwdc-2017.jpg\" data-rel=\"lightbox-image-0\" data-rl_title=\"\" data-rl_caption=\"\" title=\"\"><img loading=\"lazy\" decoding=\"async\" aria-describedby=\"caption-attachment-35437\" class=\"size-medium wp-image-35437\" src=\"https:\/\/pcspezialist.de\/blog\/wp-content\/uploads\/2017\/06\/wwdc-2017-300x199.jpg\" alt=\"wwdc 2017 iOS 11\" width=\"300\" height=\"199\" srcset=\"https:\/\/pcspezialist.de\/blog\/wp-content\/uploads\/2017\/06\/wwdc-2017-300x199.jpg 300w, https:\/\/pcspezialist.de\/blog\/wp-content\/uploads\/2017\/06\/wwdc-2017-768x510.jpg 768w, https:\/\/pcspezialist.de\/blog\/wp-content\/uploads\/2017\/06\/wwdc-2017-1024x680.jpg 1024w, https:\/\/pcspezialist.de\/blog\/wp-content\/uploads\/2017\/06\/wwdc-2017.jpg 1280w\" sizes=\"auto, (max-width: 300px) 100vw, 300px\" \/><\/a><p id=\"caption-attachment-35437\" class=\"wp-caption-text\">Auf der WWDC 2017 stellte Apple sein neues Betriebssystem iOS 11 mit vielen neuen Funktionen f\u00fcr iPad und iPhone vor.<\/p><\/div>\n<h3>WWDC 2017: iOS 11 vorgestellt<\/h3>\n<p id=\"abschnitt-ios-11\">Auf der <strong>WWDC 2017<\/strong>\u00a0hat Apple unter anderem die neue<strong> iPhone Software <\/strong>iOS 11 vorgestellt. 86 Prozent aller iOS-Nutzer haben die aktuelle Version und das hat Vorteile f\u00fcr die Entwickler: Neueste Technologien k\u00f6nnen sie so f\u00fcr m\u00f6glichst viele Anwender ausbreiten. Die Neuerungen bei\u00a0<strong>iOS 11<\/strong>\u00a0sind:<\/p>\n<h4 class=\"linkdb-marker\">Siri<\/h4>\n<p class=\"linkdb-marker\">Apples Sprachassistentin bekommt neue Stimmen und soll unterschiedliche Betonungen verstehen. Au\u00dferdem \u00fcbersetzt eine\u00a0Beta-Fassung Spracheingaben in Englisch in eine Handvoll anderer Sprachen \u2013 auch Deutsch. Viele Programme erhalten eine Siri-Schnittstelle. So kann Siri besser verstehen, was ihr von ihr wollt und hilft dann dabei, neue Ereignisse beispielsweise im Kalender zu erstellen.<\/p>\n<h4>iMessages und Apple Pay<\/h4>\n<p>Die Nachrichten-App iMessage kommt in die iCloud und ist dann auf jedem Ger\u00e4t jederzeit erreichbar. Und Apple Pay bekommt eine M\u00f6glichkeit, innerhalb von iMessages Geld von Person zu Person per \u00dcberweisungen zu \u00fcbertragen. Allerdings gibt es diese Funktion immer noch nicht in Deutschland\u00a0\u2013 wann sie eingef\u00fchrt wird, steht noch in den Sternen.<\/p>\n<h4 class=\"linkdb-marker\">Fotos und Kontrollzentrum<\/h4>\n<p class=\"linkdb-marker\">Apple verspricht mit HECV eine zweifach bessere Kompression von Dateien. Fotos verbrauchen damit weniger Speicherplatz auf dem iPhone und in der iCloud. Die Andenken-Ansicht hat Apple ebenfalls verbessert: Dank neuer\u00a0Machine-Learning-Algorithmen finden sich mehr zusammenh\u00e4ngende Bilder von Ereignissen, Personen oder Haustieren.<\/p>\n<p class=\"linkdb-marker\">Das Kontrollzentrum legt sich zuk\u00fcnftig \u00fcber den gesamten Screen. Es gibt f\u00fcr euch mehr Kontrolle \u00fcber Systemfunktionen und die wichtigsten Apps. Die Ansicht der Nachrichten auf dem Lockscreen k\u00f6nnt ihr euch intuitiver als zuvor zur\u00fcckholen.<\/p>\n<h4 class=\"linkdb-marker\">Apple Music und App Store<\/h4>\n<p class=\"linkdb-marker\">Wer m\u00f6chte, kann in Apples Music-App freigeben, was er sich anh\u00f6rt, bzw. angeh\u00f6rt hat. Dann wissen auch eure Freunde, welcher Musik ihr lauscht. Immerhin: 27 Millionen Abonnenten nutzen Apple Music.<\/p>\n<p class=\"linkdb-marker\">Der gesamte App Store von Apple bekommt ein neues Design: Der Tab \u201eToday\u201c, \u00fcber den ihr neue Apps entdecken k\u00f6nnt, r\u00fcckt ins Zentrum. Spiele bekommen einen eigenen Bereich und zuk\u00fcnftig sollen neue Apps innerhalb von 24 Stunden gepr\u00fcft werden und dann zum Download bereitstehen.<\/p>\n<h4 class=\"linkdb-marker\">Augmented Reality<\/h4>\n<p class=\"linkdb-marker\">Augmentes Reality (AR) wird wohl erst im Herbst f\u00fcr euch interessant, denn dann kommt die neue Hardware auf den Markt. Die Entwickler bekommen aber bereits jetzt einen Einblick, wie sie auf die Abbilder realer Umgebungen k\u00fcnstliche Objekte platzieren k\u00f6nnen. F\u00fcr das richtige Gr\u00f6\u00dfenverh\u00e4ltnis nutzt\u00a0Apple unter anderem die Hardware der Kamera.<\/p>\n<h3 class=\"linkdb-marker\">WWDC 2017: neues iPad Pro in 10,5 Zoll<\/h3>\n<p class=\"linkdb-marker\">Auf der <strong>WWDC 2017<\/strong> wurde auch ein neues <strong>iPad Pro<\/strong> vorgestellt \u2013\u00a0nur 20 Monate nach der Premiere des iPad Pro mit 12,9 Zoll. Das neue Ger\u00e4t bekommt einen 10,5 Zoll-Bildschirm mit flacheren R\u00e4ndern und einem helleren Monitor. Zus\u00e4tzlich verdoppelt Apple die Bildwiederholungsrate auf 120 Hertz, genannt Pro Motion. Dadurch soll die Verz\u00f6gerungszeit des Apple Pencil auf 20 Millisekunden verringern werden. Apple hat in das neue <strong>iPad Pro<\/strong>\u00a0die Kameratechnik des <a href=\"https:\/\/pcspezialist.de\/blog\/2016\/08\/05\/iphone-7-release\/\" target=\"_blank\" rel=\"noopener noreferrer\">iPhone 7<\/a>\u00a0eingebaut. Mit Hilfe von Adaptern k\u00f6nnt ihr Daten mit USB-3-Geschwindigkeit \u00fcbertragen\u00a0und laut Apple h\u00e4lt der Akku 10 Stunden. Eine Besonderheit: das iPad bekommt ein eigenes iOS 11, mit dem ihr erstmals\u00a0Objekte per Drag &amp; Drop verschieben k\u00f6nnt. Au\u00dferdem sind Satz- und Sonderzeichen auf virtuellen Tasten direkt aufgebracht. Mit 64 GB m\u00fcsst ihr f\u00fcr\u00a0das iPad Pro ab 729 Euro\u00a0hinlegen. Bestellen k\u00f6nnt ihr das Ger\u00e4t sofort, ab kommender Woche liefert Apple dann bereits\u00a0aus.<\/p>\n<h3 class=\"linkdb-marker\">WWDC 2017: watchOS 4 f\u00fcr die Apple Watch<\/h3>\n<p class=\"linkdb-marker\">Auf der Entwicklerkonferenz <strong>WWDC 2017<\/strong> hat Apple auch watchOS 4 f\u00fcr die Apple Watch vorgestellt. Das neue Ziffernblatt wird von der k\u00fcnstlichen Intelligenz Siri gespeist und zeigt immer die Informationen an, die gerade f\u00fcr euch von Bedeutung sind. Wie beispielsweise die n\u00e4chsten anstehenden Termine. Die Aktivit\u00e4ten-App mit personalisiertem Aktivit\u00e4tscoaching soll euch beim Sport noch mehr motivieren und in Fitnessstudios soll die Apple Watch dank watchOS 4 mit den dort vorhandenen Maschinen kommunizieren. Die Music-App bringt ein v\u00f6llig neues Musik-Erlebnis, denn das Scrollen durch Alben und Playlists wird einfacher.<\/p>\n<h3 id=\"spoods_widget_n3myf\" class=\"spoods_widget_container_done\" data-key=\"t0rK-puvD-FQOI\">WWDC 2017: der\u00a0neue iMac Pro<\/h3>\n<div class=\"spoods_widget_container_done\" data-key=\"t0rK-puvD-FQOI\">Bereits vor Wochen von Apple angek\u00fcndigt, wurde es nun auf der <strong>WWDC 2017<\/strong> vorgestellt: Der neue iMac Pro kommt Ende dieses Jahres auf den Markt. Er soll einen besseren Bildschirm haben, sowie <strong>Kaby-Lake-Prozessor<\/strong> und Fusion Drive serienm\u00e4\u00dfig. Die Grafikleistung soll um etwa 80 Prozent besser sein\u00a0und in\u00a0Kombination mit High Sierra (das ist der neue Name f\u00fcr macOS 10.13) sollen die neuen iMacs sogar zur Produktion von Virtual Reality-Inhalten taugen.\u00a0Die Preise des 21,5 Zoll gro\u00dfen iMac mit 4K-Display liegen zwischen 1299 Euro und 1699 Euro. F\u00fcr die 27 Zoll gro\u00dfen Modelle mit 5K-Display m\u00fcsst ihr\u00a0zwischen 2099 Euro und 2599 Euro berappen. In der Grundausstattung enthalten alle iMacs einen\u00a08 GB Arbeitsspeicher.<\/div>\n<div class=\"spoods_widget_container_done\" data-key=\"t0rK-puvD-FQOI\"><\/div>\n<div class=\"spoods_widget_container_done\" data-key=\"t0rK-puvD-FQOI\">Doch das ist noch nicht alles vom iMac:\u00a0Bis Jahresende will Apple seinen leistungsst\u00e4rksten iMac Pro pr\u00e4sentieren: Ein Rechner mit\u00a0Acht-Kern-,\u00a0 Zehn-Kern- oder gar 18-Kern-Xeon-Prozessor, mit einer Radeon Vega Grafikkarte mit bis zu 16 GB VRAM\u00a0und mit einem 128 GB ECC-RAM Arbeitsspeicher. Zwei externe 5K-Bildschirme lassen sich an diesen Hochleistungs-iMac anschlie\u00dfen. Der Preis f\u00fcr die Workstation in der Grundkonfiguration: stolze 5000 Euro.<\/div>\n<h3 class=\"spoods_widget_container_done\" data-key=\"t0rK-puvD-FQOI\">WWDC 2017: HomePod<\/h3>\n<p class=\"linkdb-marker\">Auf der Entwicklerkonferenz <strong>WWDC 2017<\/strong> wurde auch ein smarter Lautsprecher mit hoher Wiedergabequalit\u00e4t vorgestellt. So jedenfalls lautet der Anspruch von Apple. Das <strong>HomePod <\/strong>soll Ende des Jahres kommen und ist ein zylinderf\u00f6rmiger 360-Grad-Lautsprecher, der nur 15 Zentimeter hoch ist. Neben einem Subwoofer blasen sieben Tweeter mit Pr\u00e4zisionsh\u00f6rnern den Sound nach drau\u00dfen. Der Empfang der Musik passiert drahtlos. Der Lautsprecher soll die Eigenschaften des Raums erkennen und so den Sound durch die Reflexionen von W\u00e4nden, M\u00f6beln und Personen optimieren. Der zentrale Gesang wird Richtung H\u00f6rer gesendet, die Backroundmusik in den Hintergrund gemischt. So entsteht ein Monolautsprecher, der einen Stereosound simuliert.<\/p>\n<h4 class=\"linkdb-marker\">Apple Music mit HomePod steuern<\/h4>\n<p class=\"linkdb-marker\">Der <strong>HomePod<\/strong>\u00a0enth\u00e4lt sechs Mikrofone und h\u00f6rt damit gleichzeitig zu, was ihr sagt. Aber nur, wenn ihr ihn mit einem \u201eHey Siri!\u201c dazu auffordert. Apple verspricht, dass Siri das, was die Mikrofone h\u00f6ren, nur zur Auswertung an die Apple-Server sendet, wenn sie dazu aufgefordert wird. Mit einem \u201eHey Siri!\u201c k\u00f6nnt ihr die eigene Musikbibliothek und Apple Music steuern. Siri kann euch auch Antworten geben, beispielsweise wer in dem gerade gespielten St\u00fcck Schlagzeug spielt. Au\u00dferdem ist\u00a0Siri im <strong>HomePod<\/strong> nicht nur\u00a0auf Musik beschr\u00e4nkt, sondern kann ebenfalls Ausk\u00fcnfte \u00fcber Nachrichten, Wetter oder Sportergebnisse geben. Was ihr mit eurem HomePod besprecht, bleibt aber unter euch, denn Apple verschl\u00fcsselt die Kommunikation. Kostenpunkt: 349 US-Dollar, allerdings erst im kommenden Jahr in Deutschland erh\u00e4ltlich.<\/p>\n<p class=\"linkdb-marker\">Eine Zusammenfassung der <strong>WWDC 2017<\/strong> findet ihr in diesem YouTube-Video:<\/p>\n<p><iframe loading=\"lazy\" title=\"Apple WWDC 2017 keynote in 19 minutes\" width=\"500\" height=\"281\" src=\"https:\/\/www.youtube.com\/embed\/wXLa5tprhLc?feature=oembed\" frameborder=\"0\" allow=\"accelerometer; autoplay; clipboard-write; encrypted-media; gyroscope; picture-in-picture; web-share\" referrerpolicy=\"strict-origin-when-cross-origin\" allowfullscreen><\/iframe><\/p>\n<p>Weitere Infos zu Apples Keynote bekommt ihr in den Artikeln <a href=\"https:\/\/www.bild.de\/digital\/smartphone-und-tablet\/iphone\/mit-ios-11-13-neue-funktionen-die-bald-aufs-iphone-kommen-52076108.bild.html\" target=\"_blank\" rel=\"noopener noreferrer\">13 neue Funktionen f\u00fcrs iPhone<\/a>, <a href=\"https:\/\/www.bild.de\/digital\/multimedia\/apple-wwdc\/apple-neuheiten-52018898.bild.html\" target=\"_blank\" rel=\"noopener noreferrer\">Dieses Ei ist Apples neues, gro\u00dfes Ding<\/a>, <a href=\"https:\/\/www.com-magazin.de\/news\/apple\/features-startet-ios-11-1227514.html\" target=\"_blank\" rel=\"noopener noreferrer\">Mit diesen Features startet iOS 11 durch<\/a>, <a href=\"https:\/\/www.macwelt.de\/a\/neues-special-ausblick-auf-die-wwdc-2017,3437047\" target=\"_blank\" rel=\"noopener noreferrer\">Alle Neuerungen im \u00dcberblick<\/a>, <a href=\"https:\/\/www.zeit.de\/digital\/internet\/2017-06\/apple-wwdc-homepod-siri-ios11-macos-high-sierra-imac-pro\" target=\"_blank\" rel=\"noopener noreferrer\">Sie nennen es HomePod<\/a> und auf <a href=\"https:\/\/www.apple.com\/de\/newsroom\/\" target=\"_blank\" rel=\"noopener noreferrer\">Apples Newsroom-Seite<\/a>.<\/p>\n","protected":false},"excerpt":{"rendered":"<p>Auf der Entwicklerkonferenz WWDC 2017 hat Apple unter anderem seine neue iPhone Software iOS 11 vorgestellt: Der Sprachassistent Siri soll verbessert werden und es wird viele neue Features f\u00fcr iPad und iPhone bringen. Was Apple in \u00a0San Jos\u00e9 (Kalifornien) noch zeigte, welche neuen Produkte pr\u00e4sentiert wurden und welche neue Software es geben wird, erfahrt ihr [&hellip;]<\/p>\n","protected":false},"author":98,"featured_media":0,"comment_status":"open","ping_status":"open","sticky":false,"template":"","format":"standard","meta":{"footnotes":""},"categories":[6913],"tags":[1094,2731,9773],"class_list":["post-35434","post","type-post","status-publish","format-standard","hentry","category-verschiedenes","tag-apple","tag-ios","tag-events"],"yoast_head":"<!-- This site is optimized with the Yoast SEO plugin v27.5 - https:\/\/yoast.com\/product\/yoast-seo-wordpress\/ -->\n<title>WWDC 2017 \u2013 Apple stellt neue iPhone-Software iOS 11 vor<\/title>\n<meta name=\"description\" content=\"Auf der WWDC 2017 hat Apple iOS 11 vorgestellt und einen neuen iMac Pro f\u00fcr 5000 Euro pr\u00e4sentiert. Was es noch Neues gibt, erfahrt ihr hier.\" \/>\n<meta name=\"robots\" content=\"index, follow, max-snippet:-1, max-image-preview:large, max-video-preview:-1\" \/>\n<link rel=\"canonical\" href=\"https:\/\/pcspezialist.de\/blog\/2017\/06\/08\/wwdc-2017\/\" \/>\n<meta property=\"og:locale\" content=\"de_DE\" \/>\n<meta property=\"og:type\" content=\"article\" \/>\n<meta property=\"og:title\" content=\"WWDC 2017 \u2013 Apple stellt neue iPhone-Software iOS 11 vor\" \/>\n<meta property=\"og:description\" content=\"Auf der WWDC 2017 hat Apple iOS 11 vorgestellt und einen neuen iMac Pro f\u00fcr 5000 Euro pr\u00e4sentiert. Was es noch Neues gibt, erfahrt ihr hier.\" \/>\n<meta property=\"og:url\" content=\"https:\/\/pcspezialist.de\/blog\/2017\/06\/08\/wwdc-2017\/\" \/>\n<meta property=\"og:site_name\" content=\"PC-SPEZIALIST Blog\" \/>\n<meta property=\"article:published_time\" content=\"2017-06-08T10:16:57+00:00\" \/>\n<meta property=\"article:modified_time\" content=\"2024-11-06T11:16:32+00:00\" \/>\n<meta property=\"og:image\" content=\"https:\/\/pcspezialist.de\/blog\/wp-content\/uploads\/2017\/06\/wwdc-2017-300x199.jpg\" \/>\n<meta name=\"author\" content=\"Maren Keller\" \/>\n<meta name=\"twitter:card\" content=\"summary_large_image\" \/>\n<meta name=\"twitter:label1\" content=\"Verfasst von\" \/>\n\t<meta name=\"twitter:data1\" content=\"Maren Keller\" \/>\n\t<meta name=\"twitter:label2\" content=\"Gesch\u00e4tzte Lesezeit\" \/>\n\t<meta name=\"twitter:data2\" content=\"6\u00a0Minuten\" \/>\n<script type=\"application\/ld+json\" class=\"yoast-schema-graph\">{\"@context\":\"https:\\\/\\\/schema.org\",\"@graph\":[{\"@type\":\"Article\",\"@id\":\"https:\\\/\\\/pcspezialist.de\\\/blog\\\/2017\\\/06\\\/08\\\/wwdc-2017\\\/#article\",\"isPartOf\":{\"@id\":\"https:\\\/\\\/pcspezialist.de\\\/blog\\\/2017\\\/06\\\/08\\\/wwdc-2017\\\/\"},\"author\":{\"name\":\"Maren Keller\",\"@id\":\"https:\\\/\\\/pcspezialist.de\\\/blog\\\/#\\\/schema\\\/person\\\/e9cb801a8b8ea9138af26a02b8b6d14f\"},\"headline\":\"WWDC 2017 ## Apple stellt neue iPhone-Software iOS 11 vor\",\"datePublished\":\"2017-06-08T10:16:57+00:00\",\"dateModified\":\"2024-11-06T11:16:32+00:00\",\"mainEntityOfPage\":{\"@id\":\"https:\\\/\\\/pcspezialist.de\\\/blog\\\/2017\\\/06\\\/08\\\/wwdc-2017\\\/\"},\"wordCount\":1207,\"commentCount\":1,\"image\":{\"@id\":\"https:\\\/\\\/pcspezialist.de\\\/blog\\\/2017\\\/06\\\/08\\\/wwdc-2017\\\/#primaryimage\"},\"thumbnailUrl\":\"https:\\\/\\\/pcspezialist.de\\\/blog\\\/wp-content\\\/uploads\\\/2017\\\/06\\\/wwdc-2017-300x199.jpg\",\"keywords\":[\"Apple\",\"iOS\",\"Events\"],\"articleSection\":[\"Verschiedenes\"],\"inLanguage\":\"de\",\"potentialAction\":[{\"@type\":\"CommentAction\",\"name\":\"Comment\",\"target\":[\"https:\\\/\\\/pcspezialist.de\\\/blog\\\/2017\\\/06\\\/08\\\/wwdc-2017\\\/#respond\"]}]},{\"@type\":\"WebPage\",\"@id\":\"https:\\\/\\\/pcspezialist.de\\\/blog\\\/2017\\\/06\\\/08\\\/wwdc-2017\\\/\",\"url\":\"https:\\\/\\\/pcspezialist.de\\\/blog\\\/2017\\\/06\\\/08\\\/wwdc-2017\\\/\",\"name\":\"WWDC 2017 \u2013 Apple stellt neue iPhone-Software iOS 11 vor\",\"isPartOf\":{\"@id\":\"https:\\\/\\\/pcspezialist.de\\\/blog\\\/#website\"},\"primaryImageOfPage\":{\"@id\":\"https:\\\/\\\/pcspezialist.de\\\/blog\\\/2017\\\/06\\\/08\\\/wwdc-2017\\\/#primaryimage\"},\"image\":{\"@id\":\"https:\\\/\\\/pcspezialist.de\\\/blog\\\/2017\\\/06\\\/08\\\/wwdc-2017\\\/#primaryimage\"},\"thumbnailUrl\":\"https:\\\/\\\/pcspezialist.de\\\/blog\\\/wp-content\\\/uploads\\\/2017\\\/06\\\/wwdc-2017-300x199.jpg\",\"datePublished\":\"2017-06-08T10:16:57+00:00\",\"dateModified\":\"2024-11-06T11:16:32+00:00\",\"author\":{\"@id\":\"https:\\\/\\\/pcspezialist.de\\\/blog\\\/#\\\/schema\\\/person\\\/e9cb801a8b8ea9138af26a02b8b6d14f\"},\"description\":\"Auf der WWDC 2017 hat Apple iOS 11 vorgestellt und einen neuen iMac Pro f\u00fcr 5000 Euro pr\u00e4sentiert. Was es noch Neues gibt, erfahrt ihr hier.\",\"breadcrumb\":{\"@id\":\"https:\\\/\\\/pcspezialist.de\\\/blog\\\/2017\\\/06\\\/08\\\/wwdc-2017\\\/#breadcrumb\"},\"inLanguage\":\"de\",\"potentialAction\":[{\"@type\":\"ReadAction\",\"target\":[\"https:\\\/\\\/pcspezialist.de\\\/blog\\\/2017\\\/06\\\/08\\\/wwdc-2017\\\/\"]}]},{\"@type\":\"ImageObject\",\"inLanguage\":\"de\",\"@id\":\"https:\\\/\\\/pcspezialist.de\\\/blog\\\/2017\\\/06\\\/08\\\/wwdc-2017\\\/#primaryimage\",\"url\":\"https:\\\/\\\/pcspezialist.de\\\/blog\\\/wp-content\\\/uploads\\\/2017\\\/06\\\/wwdc-2017.jpg\",\"contentUrl\":\"https:\\\/\\\/pcspezialist.de\\\/blog\\\/wp-content\\\/uploads\\\/2017\\\/06\\\/wwdc-2017.jpg\",\"width\":1280,\"height\":850,\"caption\":\"Auf der WWDC 2017 stellte Apple sein neues Betriebssystem iOS 11 mit vielen neuen Funktionen f\u00fcr iPad und iPhone vor.\"},{\"@type\":\"BreadcrumbList\",\"@id\":\"https:\\\/\\\/pcspezialist.de\\\/blog\\\/2017\\\/06\\\/08\\\/wwdc-2017\\\/#breadcrumb\",\"itemListElement\":[{\"@type\":\"ListItem\",\"position\":1,\"name\":\"Startseite\",\"item\":\"https:\\\/\\\/pcspezialist.de\\\/blog\\\/\"},{\"@type\":\"ListItem\",\"position\":2,\"name\":\"WWDC 2017 ## Apple stellt neue iPhone-Software iOS 11 vor\"}]},{\"@type\":\"WebSite\",\"@id\":\"https:\\\/\\\/pcspezialist.de\\\/blog\\\/#website\",\"url\":\"https:\\\/\\\/pcspezialist.de\\\/blog\\\/\",\"name\":\"PC-SPEZIALIST Blog\",\"description\":\"IT-Service, Trends &amp; Technik\",\"potentialAction\":[{\"@type\":\"SearchAction\",\"target\":{\"@type\":\"EntryPoint\",\"urlTemplate\":\"https:\\\/\\\/pcspezialist.de\\\/blog\\\/?s={search_term_string}\"},\"query-input\":{\"@type\":\"PropertyValueSpecification\",\"valueRequired\":true,\"valueName\":\"search_term_string\"}}],\"inLanguage\":\"de\"},{\"@type\":\"Person\",\"@id\":\"https:\\\/\\\/pcspezialist.de\\\/blog\\\/#\\\/schema\\\/person\\\/e9cb801a8b8ea9138af26a02b8b6d14f\",\"name\":\"Maren Keller\",\"description\":\"PC-SPEZIALIST ist eine Marke der in Schlo\u00df Holte ans\u00e4ssigen SYNAXON. Seit 2016 arbeitet Maren Keller f\u00fcr den PC-SPEZIALIST-Blog. Gestartet als Online-Redakteurin ist sie mittlerweile Content Marketing Managerin und tr\u00e4gt unter anderem die Verantwortung f\u00fcr die Inhalte des Blogs. In den Jahren 2017 und 2020 hat sie parallel f\u00fcr den Blog des IT-SERVICE.NETWORK geschrieben. Die studierte Germanistin und Politologin hat einen Sp\u00fcrsinn f\u00fcr aktuelle Bedrohungen im IT-Bereich entwickelt und versteht es, das Fachwissen von PC-SPEZIALIST dem Leser verst\u00e4ndlich darzubieten. Nicht zu verleugnen ist allerdings ihre Ungeduld, die sich in flinken Fingern auf der Tastatur zeigt und gleichzeitig f\u00fcr einen hohen Output sorgt. Ihre journalistische Karriere begann Maren Keller Mitte der 1990er Jahre mit dem Verfassen von Sportberichten f\u00fcr die Regionalseiten ihrer Heimatzeitung in Bremerhaven. Nach dem Studium in Hannover, das von zahlreichen Praktika bei Funk, Fernsehen und Zeitung begleitet wurde, kehrte sie f\u00fcr ein journalistisches Volontariat in ihre Heimat zur\u00fcck, um bei der NORDSEE-ZEITUNG den Beruf des Redakteurs von der Pike auf zu lernen und anschlie\u00dfend in der Sportredaktion zu arbeiten. W\u00e4hrend ihrer Elternzeiten und beruflich bedingten Umz\u00fcgen arbeitete sie als freie Journalistin f\u00fcr verschiedene Tageszeitungen und fand 2016 den Weg zur SYNAXON, wo sie heute als Content Marketing Managerin in Lohn und Brot steht. In ihrer Freizeit zeigt sie ihr Talent f\u00fcr\u2019s Schreiben nicht. Stattdessen liegen ihre Schwerpunkt dort im Bereich Haus, Familie, Garten und Hund. Au\u00dferdem ist sie musikalisch unterwegs, bl\u00e4st das Jagdhorn in einem Bl\u00e4serkorps, spielt Klavier und singt im Chor. Sie haben Fragen an Maren Keller? Sie erreichen sie per E-Mail an redaktion@pcspezialist.de\",\"url\":\"https:\\\/\\\/pcspezialist.de\\\/blog\\\/author\\\/maren\\\/\"}]}<\/script>\n<!-- \/ Yoast SEO plugin. -->","yoast_head_json":{"title":"WWDC 2017 \u2013 Apple stellt neue iPhone-Software iOS 11 vor","description":"Auf der WWDC 2017 hat Apple iOS 11 vorgestellt und einen neuen iMac Pro f\u00fcr 5000 Euro pr\u00e4sentiert. Was es noch Neues gibt, erfahrt ihr hier.","robots":{"index":"index","follow":"follow","max-snippet":"max-snippet:-1","max-image-preview":"max-image-preview:large","max-video-preview":"max-video-preview:-1"},"canonical":"https:\/\/pcspezialist.de\/blog\/2017\/06\/08\/wwdc-2017\/","og_locale":"de_DE","og_type":"article","og_title":"WWDC 2017 \u2013 Apple stellt neue iPhone-Software iOS 11 vor","og_description":"Auf der WWDC 2017 hat Apple iOS 11 vorgestellt und einen neuen iMac Pro f\u00fcr 5000 Euro pr\u00e4sentiert. Was es noch Neues gibt, erfahrt ihr hier.","og_url":"https:\/\/pcspezialist.de\/blog\/2017\/06\/08\/wwdc-2017\/","og_site_name":"PC-SPEZIALIST Blog","article_published_time":"2017-06-08T10:16:57+00:00","article_modified_time":"2024-11-06T11:16:32+00:00","og_image":[{"url":"https:\/\/pcspezialist.de\/blog\/wp-content\/uploads\/2017\/06\/wwdc-2017-300x199.jpg","type":"","width":"","height":""}],"author":"Maren Keller","twitter_card":"summary_large_image","twitter_misc":{"Verfasst von":"Maren Keller","Gesch\u00e4tzte Lesezeit":"6\u00a0Minuten"},"schema":{"@context":"https:\/\/schema.org","@graph":[{"@type":"Article","@id":"https:\/\/pcspezialist.de\/blog\/2017\/06\/08\/wwdc-2017\/#article","isPartOf":{"@id":"https:\/\/pcspezialist.de\/blog\/2017\/06\/08\/wwdc-2017\/"},"author":{"name":"Maren Keller","@id":"https:\/\/pcspezialist.de\/blog\/#\/schema\/person\/e9cb801a8b8ea9138af26a02b8b6d14f"},"headline":"WWDC 2017 ## Apple stellt neue iPhone-Software iOS 11 vor","datePublished":"2017-06-08T10:16:57+00:00","dateModified":"2024-11-06T11:16:32+00:00","mainEntityOfPage":{"@id":"https:\/\/pcspezialist.de\/blog\/2017\/06\/08\/wwdc-2017\/"},"wordCount":1207,"commentCount":1,"image":{"@id":"https:\/\/pcspezialist.de\/blog\/2017\/06\/08\/wwdc-2017\/#primaryimage"},"thumbnailUrl":"https:\/\/pcspezialist.de\/blog\/wp-content\/uploads\/2017\/06\/wwdc-2017-300x199.jpg","keywords":["Apple","iOS","Events"],"articleSection":["Verschiedenes"],"inLanguage":"de","potentialAction":[{"@type":"CommentAction","name":"Comment","target":["https:\/\/pcspezialist.de\/blog\/2017\/06\/08\/wwdc-2017\/#respond"]}]},{"@type":"WebPage","@id":"https:\/\/pcspezialist.de\/blog\/2017\/06\/08\/wwdc-2017\/","url":"https:\/\/pcspezialist.de\/blog\/2017\/06\/08\/wwdc-2017\/","name":"WWDC 2017 \u2013 Apple stellt neue iPhone-Software iOS 11 vor","isPartOf":{"@id":"https:\/\/pcspezialist.de\/blog\/#website"},"primaryImageOfPage":{"@id":"https:\/\/pcspezialist.de\/blog\/2017\/06\/08\/wwdc-2017\/#primaryimage"},"image":{"@id":"https:\/\/pcspezialist.de\/blog\/2017\/06\/08\/wwdc-2017\/#primaryimage"},"thumbnailUrl":"https:\/\/pcspezialist.de\/blog\/wp-content\/uploads\/2017\/06\/wwdc-2017-300x199.jpg","datePublished":"2017-06-08T10:16:57+00:00","dateModified":"2024-11-06T11:16:32+00:00","author":{"@id":"https:\/\/pcspezialist.de\/blog\/#\/schema\/person\/e9cb801a8b8ea9138af26a02b8b6d14f"},"description":"Auf der WWDC 2017 hat Apple iOS 11 vorgestellt und einen neuen iMac Pro f\u00fcr 5000 Euro pr\u00e4sentiert. Was es noch Neues gibt, erfahrt ihr hier.","breadcrumb":{"@id":"https:\/\/pcspezialist.de\/blog\/2017\/06\/08\/wwdc-2017\/#breadcrumb"},"inLanguage":"de","potentialAction":[{"@type":"ReadAction","target":["https:\/\/pcspezialist.de\/blog\/2017\/06\/08\/wwdc-2017\/"]}]},{"@type":"ImageObject","inLanguage":"de","@id":"https:\/\/pcspezialist.de\/blog\/2017\/06\/08\/wwdc-2017\/#primaryimage","url":"https:\/\/pcspezialist.de\/blog\/wp-content\/uploads\/2017\/06\/wwdc-2017.jpg","contentUrl":"https:\/\/pcspezialist.de\/blog\/wp-content\/uploads\/2017\/06\/wwdc-2017.jpg","width":1280,"height":850,"caption":"Auf der WWDC 2017 stellte Apple sein neues Betriebssystem iOS 11 mit vielen neuen Funktionen f\u00fcr iPad und iPhone vor."},{"@type":"BreadcrumbList","@id":"https:\/\/pcspezialist.de\/blog\/2017\/06\/08\/wwdc-2017\/#breadcrumb","itemListElement":[{"@type":"ListItem","position":1,"name":"Startseite","item":"https:\/\/pcspezialist.de\/blog\/"},{"@type":"ListItem","position":2,"name":"WWDC 2017 ## Apple stellt neue iPhone-Software iOS 11 vor"}]},{"@type":"WebSite","@id":"https:\/\/pcspezialist.de\/blog\/#website","url":"https:\/\/pcspezialist.de\/blog\/","name":"PC-SPEZIALIST Blog","description":"IT-Service, Trends &amp; Technik","potentialAction":[{"@type":"SearchAction","target":{"@type":"EntryPoint","urlTemplate":"https:\/\/pcspezialist.de\/blog\/?s={search_term_string}"},"query-input":{"@type":"PropertyValueSpecification","valueRequired":true,"valueName":"search_term_string"}}],"inLanguage":"de"},{"@type":"Person","@id":"https:\/\/pcspezialist.de\/blog\/#\/schema\/person\/e9cb801a8b8ea9138af26a02b8b6d14f","name":"Maren Keller","description":"PC-SPEZIALIST ist eine Marke der in Schlo\u00df Holte ans\u00e4ssigen SYNAXON. Seit 2016 arbeitet Maren Keller f\u00fcr den PC-SPEZIALIST-Blog. Gestartet als Online-Redakteurin ist sie mittlerweile Content Marketing Managerin und tr\u00e4gt unter anderem die Verantwortung f\u00fcr die Inhalte des Blogs. In den Jahren 2017 und 2020 hat sie parallel f\u00fcr den Blog des IT-SERVICE.NETWORK geschrieben. Die studierte Germanistin und Politologin hat einen Sp\u00fcrsinn f\u00fcr aktuelle Bedrohungen im IT-Bereich entwickelt und versteht es, das Fachwissen von PC-SPEZIALIST dem Leser verst\u00e4ndlich darzubieten. Nicht zu verleugnen ist allerdings ihre Ungeduld, die sich in flinken Fingern auf der Tastatur zeigt und gleichzeitig f\u00fcr einen hohen Output sorgt. Ihre journalistische Karriere begann Maren Keller Mitte der 1990er Jahre mit dem Verfassen von Sportberichten f\u00fcr die Regionalseiten ihrer Heimatzeitung in Bremerhaven. Nach dem Studium in Hannover, das von zahlreichen Praktika bei Funk, Fernsehen und Zeitung begleitet wurde, kehrte sie f\u00fcr ein journalistisches Volontariat in ihre Heimat zur\u00fcck, um bei der NORDSEE-ZEITUNG den Beruf des Redakteurs von der Pike auf zu lernen und anschlie\u00dfend in der Sportredaktion zu arbeiten. W\u00e4hrend ihrer Elternzeiten und beruflich bedingten Umz\u00fcgen arbeitete sie als freie Journalistin f\u00fcr verschiedene Tageszeitungen und fand 2016 den Weg zur SYNAXON, wo sie heute als Content Marketing Managerin in Lohn und Brot steht. In ihrer Freizeit zeigt sie ihr Talent f\u00fcr\u2019s Schreiben nicht. Stattdessen liegen ihre Schwerpunkt dort im Bereich Haus, Familie, Garten und Hund. Au\u00dferdem ist sie musikalisch unterwegs, bl\u00e4st das Jagdhorn in einem Bl\u00e4serkorps, spielt Klavier und singt im Chor. Sie haben Fragen an Maren Keller? Sie erreichen sie per E-Mail an redaktion@pcspezialist.de","url":"https:\/\/pcspezialist.de\/blog\/author\/maren\/"}]}},"_links":{"self":[{"href":"https:\/\/pcspezialist.de\/blog\/wp-json\/wp\/v2\/posts\/35434","targetHints":{"allow":["GET"]}}],"collection":[{"href":"https:\/\/pcspezialist.de\/blog\/wp-json\/wp\/v2\/posts"}],"about":[{"href":"https:\/\/pcspezialist.de\/blog\/wp-json\/wp\/v2\/types\/post"}],"author":[{"embeddable":true,"href":"https:\/\/pcspezialist.de\/blog\/wp-json\/wp\/v2\/users\/98"}],"replies":[{"embeddable":true,"href":"https:\/\/pcspezialist.de\/blog\/wp-json\/wp\/v2\/comments?post=35434"}],"version-history":[{"count":15,"href":"https:\/\/pcspezialist.de\/blog\/wp-json\/wp\/v2\/posts\/35434\/revisions"}],"predecessor-version":[{"id":35451,"href":"https:\/\/pcspezialist.de\/blog\/wp-json\/wp\/v2\/posts\/35434\/revisions\/35451"}],"wp:attachment":[{"href":"https:\/\/pcspezialist.de\/blog\/wp-json\/wp\/v2\/media?parent=35434"}],"wp:term":[{"taxonomy":"category","embeddable":true,"href":"https:\/\/pcspezialist.de\/blog\/wp-json\/wp\/v2\/categories?post=35434"},{"taxonomy":"post_tag","embeddable":true,"href":"https:\/\/pcspezialist.de\/blog\/wp-json\/wp\/v2\/tags?post=35434"}],"curies":[{"name":"wp","href":"https:\/\/api.w.org\/{rel}","templated":true}]}}